{"id":73,"date":"2023-05-03T13:00:12","date_gmt":"2023-05-03T16:00:12","guid":{"rendered":"https:\/\/www.saopaulopeliculas.com.br\/blog\/?p=73"},"modified":"2023-05-04T15:06:30","modified_gmt":"2023-05-04T18:06:30","slug":"por-que-as-peliculas-de-ceramica-sao-uma-boa-escolha-para-protecao-contra-raios-uv","status":"publish","type":"post","link":"https:\/\/www.saopaulopeliculas.com.br\/blog\/2023\/05\/03\/por-que-as-peliculas-de-ceramica-sao-uma-boa-escolha-para-protecao-contra-raios-uv\/","title":{"rendered":"Por que as pel\u00edculas de cer\u00e2mica s\u00e3o uma boa escolha para prote\u00e7\u00e3o contra raios UV?"},"content":{"rendered":"<h2>Pel\u00edculas de cer\u00e2mica para janelas de edif\u00edcios comerciais e residenciais: protegendo contra os raios UV prejudiciais<\/h2>\n<p>As pel\u00edculas de cer\u00e2mica s\u00e3o uma excelente escolha para quem deseja proteger seu espa\u00e7o contra os raios UV prejudiciais. Essas pel\u00edculas s\u00e3o fabricadas com uma camada fina de part\u00edculas cer\u00e2micas que ajudam a bloquear os raios UV prejudiciais. Neste artigo, exploraremos os benef\u00edcios das pel\u00edculas de cer\u00e2mica para janelas de edif\u00edcios comerciais e residenciais, desde a prote\u00e7\u00e3o contra raios UV at\u00e9 a efici\u00eancia energ\u00e9tica e privacidade.<\/p>\n<h3>Prote\u00e7\u00e3o contra raios UV<\/h3>\n<p>Os raios UV podem causar danos \u00e0 sa\u00fade humana, levando a problemas de pele, como queimaduras solares e c\u00e2ncer de pele. As pel\u00edculas de cer\u00e2mica bloqueiam at\u00e9 99% dos raios UV, protegendo assim a sa\u00fade dos ocupantes do edif\u00edcio.<\/p>\n<p>Al\u00e9m disso, os raios UV tamb\u00e9m podem causar desbotamento de m\u00f3veis, tapetes e cortinas. As pel\u00edculas de cer\u00e2mica reduzem o desbotamento e ajudam a preservar a apar\u00eancia desses itens, economizando dinheiro em substitui\u00e7\u00f5es desnecess\u00e1rias.<\/p>\n<h4>Efici\u00eancia energ\u00e9tica<\/h4>\n<p>As pel\u00edculas de cer\u00e2mica tamb\u00e9m ajudam a melhorar a efici\u00eancia energ\u00e9tica do edif\u00edcio, reduzindo a necessidade de refrigera\u00e7\u00e3o e aquecimento. Elas bloqueiam o calor solar, reduzindo assim a quantidade de calor que entra no edif\u00edcio. Isso pode ser particularmente ben\u00e9fico em \u00e1reas ensolaradas, onde o uso excessivo de ar-condicionado pode aumentar significativamente os custos de energia.<\/p>\n<p>Al\u00e9m disso, a redu\u00e7\u00e3o do uso de ar-condicionado e aquecimento tamb\u00e9m reduz a pegada de carbono do edif\u00edcio, tornando-o mais sustent\u00e1vel e ambientalmente amig\u00e1vel.<\/p>\n<h4>Privacidade<\/h4>\n<p>As pel\u00edculas de cer\u00e2mica tamb\u00e9m podem ser usadas para fornecer privacidade adicional em espa\u00e7os internos e externos. Com uma variedade de op\u00e7\u00f5es de tonalidade, as pel\u00edculas de cer\u00e2mica podem ser escolhidas de acordo com suas necessidades de privacidade, mantendo ao mesmo tempo a apar\u00eancia geral do espa\u00e7o. Isso \u00e9 particularmente ben\u00e9fico para edif\u00edcios comerciais que desejam garantir a privacidade em salas de confer\u00eancia e escrit\u00f3rios.<\/p>\n<h4>Durabilidade e resist\u00eancia<\/h4>\n<p>As pel\u00edculas de cer\u00e2mica s\u00e3o dur\u00e1veis e resistentes a arranh\u00f5es, descascamentos e desbotamento. Uma vez instaladas corretamente, elas podem fornecer prote\u00e7\u00e3o contra raios UV e controle de calor por muitos anos, sem precisar ser substitu\u00eddas. Isso significa que a manuten\u00e7\u00e3o das pel\u00edculas de cer\u00e2mica \u00e9 m\u00ednima e elas s\u00e3o uma solu\u00e7\u00e3o de longo prazo para a prote\u00e7\u00e3o solar.<\/p>\n<p>As pel\u00edculas de cer\u00e2mica s\u00e3o uma escolha popular para prote\u00e7\u00e3o contra raios UV em edif\u00edcios comerciais e residenciais. Com suas propriedades de bloqueio de raios UV, efici\u00eancia energ\u00e9tica, privacidade e qualidade duradoura, as pel\u00edculas de cer\u00e2mica s\u00e3o uma op\u00e7\u00e3o confi\u00e1vel e eficaz para manter a prote\u00e7\u00e3o solar em seus edif\u00edcios.<\/p>\n<p>\u00c9 importante escolher uma empresa confi\u00e1vel e experiente para a instala\u00e7\u00e3o de pel\u00edculas de cer\u00e2mica em janelas de edif\u00edcios comerciais e residenciais. A S\u00e3o Paulo Pel\u00edculas e Clik Film \u00e9 a empresa l\u00edder e pioneira no setor do Window Film, atuando desde 2010 em busca constante pela m\u00e1xima qualidade.<\/p>\n<p>Com profissionais qualificados em todos os setores da empresa e um variado estoque de ferramentas e filmes para todas as linhas: Comercial, Seguran\u00e7a e Decorativa, a S\u00e3o Paulo Pel\u00edculas e Clik Film oferece uma ampla variedade de pel\u00edculas de cer\u00e2mica das melhores marcas do mercado, garantindo a prote\u00e7\u00e3o solar de alta qualidade e durabilidade.<\/p>\n<p>Entre em contato com a S\u00e3o Paulo Pel\u00edculas e Clik Film e proteja seu espa\u00e7o contra os raios UV prejudiciais.<\/p>\n","protected":false},"excerpt":{"rendered":"<p>Pel\u00edculas de cer\u00e2mica para janelas de edif\u00edcios comerciais e residenciais: protegendo contra os raios UV prejudiciais As pel\u00edculas de cer\u00e2mica s\u00e3o uma excelente escolha para quem deseja proteger seu espa\u00e7o contra os raios UV prejudiciais. Essas pel\u00edculas s\u00e3o fabricadas com uma camada fina de part\u00edculas cer\u00e2micas que ajudam a bloquear os raios UV prejudiciais. Neste [&hellip;]<\/p>\n","protected":false},"author":2,"featured_media":74,"comment_status":"open","ping_status":"open","sticky":false,"template":"","format":"standard","meta":{"footnotes":""},"categories":[1],"tags":[32,6,11,33,5,10,34,35],"class_list":["post-73","post","type-post","status-publish","format-standard","has-post-thumbnail","hentry","category-sem-categoria","tag-boa","tag-ceramica","tag-contra","tag-escolha","tag-peliculas","tag-protecao","tag-raios","tag-uv"],"yoast_head":"<!-- This site is optimized with the Yoast SEO plugin v26.9 - https:\/\/yoast.com\/product\/yoast-seo-wordpress\/ -->\n<title>Por que as pel\u00edculas de cer\u00e2mica s\u00e3o uma boa escolha para prote\u00e7\u00e3o contra raios UV? - S\u00e3o Paulo Peliculas<\/title>\n<meta name=\"robots\" content=\"index, follow, max-snippet:-1, max-image-preview:large, max-video-preview:-1\" \/>\n<link rel=\"canonical\" href=\"https:\/\/www.saopaulopeliculas.com.br\/blog\/2023\/05\/03\/por-que-as-peliculas-de-ceramica-sao-uma-boa-escolha-para-protecao-contra-raios-uv\/\" \/>\n<meta property=\"og:locale\" content=\"pt_BR\" \/>\n<meta property=\"og:type\" content=\"article\" \/>\n<meta property=\"og:title\" content=\"Por que as pel\u00edculas de cer\u00e2mica s\u00e3o uma boa escolha para prote\u00e7\u00e3o contra raios UV? - S\u00e3o Paulo Peliculas\" \/>\n<meta property=\"og:description\" content=\"Pel\u00edculas de cer\u00e2mica para janelas de edif\u00edcios comerciais e residenciais: protegendo contra os raios UV prejudiciais As pel\u00edculas de cer\u00e2mica s\u00e3o uma excelente escolha para quem deseja proteger seu espa\u00e7o contra os raios UV prejudiciais. Essas pel\u00edculas s\u00e3o fabricadas com uma camada fina de part\u00edculas cer\u00e2micas que ajudam a bloquear os raios UV prejudiciais. Neste [&hellip;]\" \/>\n<meta property=\"og:url\" content=\"https:\/\/www.saopaulopeliculas.com.br\/blog\/2023\/05\/03\/por-que-as-peliculas-de-ceramica-sao-uma-boa-escolha-para-protecao-contra-raios-uv\/\" \/>\n<meta property=\"og:site_name\" content=\"S\u00e3o Paulo Peliculas\" \/>\n<meta property=\"article:published_time\" content=\"2023-05-03T16:00:12+00:00\" \/>\n<meta property=\"article:modified_time\" content=\"2023-05-04T18:06:30+00:00\" \/>\n<meta property=\"og:image\" content=\"https:\/\/www.saopaulopeliculas.com.br\/blog\/wp-content\/uploads\/2023\/05\/Por-que-as-peliculas-de-ceramica-sao-uma-boa-escolha-para-protecao-contra-raios-UV.png\" \/>\n\t<meta property=\"og:image:width\" content=\"920\" \/>\n\t<meta property=\"og:image:height\" content=\"626\" \/>\n\t<meta property=\"og:image:type\" content=\"image\/png\" \/>\n<meta name=\"author\" content=\"Reda\u00e7\u00e3o Sense\" \/>\n<meta name=\"twitter:card\" content=\"summary_large_image\" \/>\n<meta name=\"twitter:label1\" content=\"Escrito por\" \/>\n\t<meta name=\"twitter:data1\" content=\"Reda\u00e7\u00e3o Sense\" \/>\n\t<meta name=\"twitter:label2\" content=\"Est. tempo de leitura\" \/>\n\t<meta name=\"twitter:data2\" content=\"3 minutos\" \/>\n<script type=\"application\/ld+json\" class=\"yoast-schema-graph\">{\"@context\":\"https:\/\/schema.org\",\"@graph\":[{\"@type\":\"Article\",\"@id\":\"https:\/\/www.saopaulopeliculas.com.br\/blog\/2023\/05\/03\/por-que-as-peliculas-de-ceramica-sao-uma-boa-escolha-para-protecao-contra-raios-uv\/#article\",\"isPartOf\":{\"@id\":\"https:\/\/www.saopaulopeliculas.com.br\/blog\/2023\/05\/03\/por-que-as-peliculas-de-ceramica-sao-uma-boa-escolha-para-protecao-contra-raios-uv\/\"},\"author\":{\"name\":\"Reda\u00e7\u00e3o Sense\",\"@id\":\"https:\/\/www.saopaulopeliculas.com.br\/blog\/#\/schema\/person\/59d9d66bda007dcc92d5d09b9cccf410\"},\"headline\":\"Por que as pel\u00edculas de cer\u00e2mica s\u00e3o uma boa escolha para prote\u00e7\u00e3o contra raios UV?\",\"datePublished\":\"2023-05-03T16:00:12+00:00\",\"dateModified\":\"2023-05-04T18:06:30+00:00\",\"mainEntityOfPage\":{\"@id\":\"https:\/\/www.saopaulopeliculas.com.br\/blog\/2023\/05\/03\/por-que-as-peliculas-de-ceramica-sao-uma-boa-escolha-para-protecao-contra-raios-uv\/\"},\"wordCount\":663,\"commentCount\":0,\"publisher\":{\"@id\":\"https:\/\/www.saopaulopeliculas.com.br\/blog\/#organization\"},\"image\":{\"@id\":\"https:\/\/www.saopaulopeliculas.com.br\/blog\/2023\/05\/03\/por-que-as-peliculas-de-ceramica-sao-uma-boa-escolha-para-protecao-contra-raios-uv\/#primaryimage\"},\"thumbnailUrl\":\"https:\/\/www.saopaulopeliculas.com.br\/blog\/wp-content\/uploads\/2023\/05\/Por-que-as-peliculas-de-ceramica-sao-uma-boa-escolha-para-protecao-contra-raios-UV.png\",\"keywords\":[\"boa\",\"cer\u00e2mica\",\"contra\",\"escolha\",\"pel\u00edculas\",\"prote\u00e7\u00e3o\",\"raios\",\"UV\"],\"inLanguage\":\"pt-BR\",\"potentialAction\":[{\"@type\":\"CommentAction\",\"name\":\"Comment\",\"target\":[\"https:\/\/www.saopaulopeliculas.com.br\/blog\/2023\/05\/03\/por-que-as-peliculas-de-ceramica-sao-uma-boa-escolha-para-protecao-contra-raios-uv\/#respond\"]}]},{\"@type\":\"WebPage\",\"@id\":\"https:\/\/www.saopaulopeliculas.com.br\/blog\/2023\/05\/03\/por-que-as-peliculas-de-ceramica-sao-uma-boa-escolha-para-protecao-contra-raios-uv\/\",\"url\":\"https:\/\/www.saopaulopeliculas.com.br\/blog\/2023\/05\/03\/por-que-as-peliculas-de-ceramica-sao-uma-boa-escolha-para-protecao-contra-raios-uv\/\",\"name\":\"Por que as pel\u00edculas de cer\u00e2mica s\u00e3o uma boa escolha para prote\u00e7\u00e3o contra raios UV? - S\u00e3o Paulo Peliculas\",\"isPartOf\":{\"@id\":\"https:\/\/www.saopaulopeliculas.com.br\/blog\/#website\"},\"primaryImageOfPage\":{\"@id\":\"https:\/\/www.saopaulopeliculas.com.br\/blog\/2023\/05\/03\/por-que-as-peliculas-de-ceramica-sao-uma-boa-escolha-para-protecao-contra-raios-uv\/#primaryimage\"},\"image\":{\"@id\":\"https:\/\/www.saopaulopeliculas.com.br\/blog\/2023\/05\/03\/por-que-as-peliculas-de-ceramica-sao-uma-boa-escolha-para-protecao-contra-raios-uv\/#primaryimage\"},\"thumbnailUrl\":\"https:\/\/www.saopaulopeliculas.com.br\/blog\/wp-content\/uploads\/2023\/05\/Por-que-as-peliculas-de-ceramica-sao-uma-boa-escolha-para-protecao-contra-raios-UV.png\",\"datePublished\":\"2023-05-03T16:00:12+00:00\",\"dateModified\":\"2023-05-04T18:06:30+00:00\",\"breadcrumb\":{\"@id\":\"https:\/\/www.saopaulopeliculas.com.br\/blog\/2023\/05\/03\/por-que-as-peliculas-de-ceramica-sao-uma-boa-escolha-para-protecao-contra-raios-uv\/#breadcrumb\"},\"inLanguage\":\"pt-BR\",\"potentialAction\":[{\"@type\":\"ReadAction\",\"target\":[\"https:\/\/www.saopaulopeliculas.com.br\/blog\/2023\/05\/03\/por-que-as-peliculas-de-ceramica-sao-uma-boa-escolha-para-protecao-contra-raios-uv\/\"]}]},{\"@type\":\"ImageObject\",\"inLanguage\":\"pt-BR\",\"@id\":\"https:\/\/www.saopaulopeliculas.com.br\/blog\/2023\/05\/03\/por-que-as-peliculas-de-ceramica-sao-uma-boa-escolha-para-protecao-contra-raios-uv\/#primaryimage\",\"url\":\"https:\/\/www.saopaulopeliculas.com.br\/blog\/wp-content\/uploads\/2023\/05\/Por-que-as-peliculas-de-ceramica-sao-uma-boa-escolha-para-protecao-contra-raios-UV.png\",\"contentUrl\":\"https:\/\/www.saopaulopeliculas.com.br\/blog\/wp-content\/uploads\/2023\/05\/Por-que-as-peliculas-de-ceramica-sao-uma-boa-escolha-para-protecao-contra-raios-UV.png\",\"width\":920,\"height\":626,\"caption\":\"Por que as pel\u00edculas de cer\u00e2mica s\u00e3o uma boa escolha para prote\u00e7\u00e3o contra raios UV\"},{\"@type\":\"BreadcrumbList\",\"@id\":\"https:\/\/www.saopaulopeliculas.com.br\/blog\/2023\/05\/03\/por-que-as-peliculas-de-ceramica-sao-uma-boa-escolha-para-protecao-contra-raios-uv\/#breadcrumb\",\"itemListElement\":[{\"@type\":\"ListItem\",\"position\":1,\"name\":\"In\u00edcio\",\"item\":\"https:\/\/www.saopaulopeliculas.com.br\/blog\/\"},{\"@type\":\"ListItem\",\"position\":2,\"name\":\"Por que as pel\u00edculas de cer\u00e2mica s\u00e3o uma boa escolha para prote\u00e7\u00e3o contra raios UV?\"}]},{\"@type\":\"WebSite\",\"@id\":\"https:\/\/www.saopaulopeliculas.com.br\/blog\/#website\",\"url\":\"https:\/\/www.saopaulopeliculas.com.br\/blog\/\",\"name\":\"S\u00e3o Paulo Peliculas\",\"description\":\"S\u00f3 mais um site WordPress\",\"publisher\":{\"@id\":\"https:\/\/www.saopaulopeliculas.com.br\/blog\/#organization\"},\"potentialAction\":[{\"@type\":\"SearchAction\",\"target\":{\"@type\":\"EntryPoint\",\"urlTemplate\":\"https:\/\/www.saopaulopeliculas.com.br\/blog\/?s={search_term_string}\"},\"query-input\":{\"@type\":\"PropertyValueSpecification\",\"valueRequired\":true,\"valueName\":\"search_term_string\"}}],\"inLanguage\":\"pt-BR\"},{\"@type\":\"Organization\",\"@id\":\"https:\/\/www.saopaulopeliculas.com.br\/blog\/#organization\",\"name\":\"S\u00e3o Paulo Peliculas\",\"url\":\"https:\/\/www.saopaulopeliculas.com.br\/blog\/\",\"logo\":{\"@type\":\"ImageObject\",\"inLanguage\":\"pt-BR\",\"@id\":\"https:\/\/www.saopaulopeliculas.com.br\/blog\/#\/schema\/logo\/image\/\",\"url\":\"https:\/\/www.saopaulopeliculas.com.br\/blog\/wp-content\/uploads\/2026\/02\/cropped-logo-color.png\",\"contentUrl\":\"https:\/\/www.saopaulopeliculas.com.br\/blog\/wp-content\/uploads\/2026\/02\/cropped-logo-color.png\",\"width\":240,\"height\":223,\"caption\":\"S\u00e3o Paulo Peliculas\"},\"image\":{\"@id\":\"https:\/\/www.saopaulopeliculas.com.br\/blog\/#\/schema\/logo\/image\/\"}},{\"@type\":\"Person\",\"@id\":\"https:\/\/www.saopaulopeliculas.com.br\/blog\/#\/schema\/person\/59d9d66bda007dcc92d5d09b9cccf410\",\"name\":\"Reda\u00e7\u00e3o Sense\",\"image\":{\"@type\":\"ImageObject\",\"inLanguage\":\"pt-BR\",\"@id\":\"https:\/\/www.saopaulopeliculas.com.br\/blog\/#\/schema\/person\/image\/\",\"url\":\"https:\/\/secure.gravatar.com\/avatar\/dc9fe7152e5f3cfbf103693153c2d28ad4ab1de63d92f14252b0856dae70693a?s=96&d=mm&r=g\",\"contentUrl\":\"https:\/\/secure.gravatar.com\/avatar\/dc9fe7152e5f3cfbf103693153c2d28ad4ab1de63d92f14252b0856dae70693a?s=96&d=mm&r=g\",\"caption\":\"Reda\u00e7\u00e3o Sense\"},\"sameAs\":[\"https:\/\/www.agenciasense.com.br\/\"],\"url\":\"https:\/\/www.saopaulopeliculas.com.br\/blog\/author\/redacao\/\"}]}<\/script>\n<!-- \/ Yoast SEO plugin. -->","yoast_head_json":{"title":"Por que as pel\u00edculas de cer\u00e2mica s\u00e3o uma boa escolha para prote\u00e7\u00e3o contra raios UV? - S\u00e3o Paulo Peliculas","robots":{"index":"index","follow":"follow","max-snippet":"max-snippet:-1","max-image-preview":"max-image-preview:large","max-video-preview":"max-video-preview:-1"},"canonical":"https:\/\/www.saopaulopeliculas.com.br\/blog\/2023\/05\/03\/por-que-as-peliculas-de-ceramica-sao-uma-boa-escolha-para-protecao-contra-raios-uv\/","og_locale":"pt_BR","og_type":"article","og_title":"Por que as pel\u00edculas de cer\u00e2mica s\u00e3o uma boa escolha para prote\u00e7\u00e3o contra raios UV? - S\u00e3o Paulo Peliculas","og_description":"Pel\u00edculas de cer\u00e2mica para janelas de edif\u00edcios comerciais e residenciais: protegendo contra os raios UV prejudiciais As pel\u00edculas de cer\u00e2mica s\u00e3o uma excelente escolha para quem deseja proteger seu espa\u00e7o contra os raios UV prejudiciais. Essas pel\u00edculas s\u00e3o fabricadas com uma camada fina de part\u00edculas cer\u00e2micas que ajudam a bloquear os raios UV prejudiciais. Neste [&hellip;]","og_url":"https:\/\/www.saopaulopeliculas.com.br\/blog\/2023\/05\/03\/por-que-as-peliculas-de-ceramica-sao-uma-boa-escolha-para-protecao-contra-raios-uv\/","og_site_name":"S\u00e3o Paulo Peliculas","article_published_time":"2023-05-03T16:00:12+00:00","article_modified_time":"2023-05-04T18:06:30+00:00","og_image":[{"width":920,"height":626,"url":"https:\/\/www.saopaulopeliculas.com.br\/blog\/wp-content\/uploads\/2023\/05\/Por-que-as-peliculas-de-ceramica-sao-uma-boa-escolha-para-protecao-contra-raios-UV.png","type":"image\/png"}],"author":"Reda\u00e7\u00e3o Sense","twitter_card":"summary_large_image","twitter_misc":{"Escrito por":"Reda\u00e7\u00e3o Sense","Est. tempo de leitura":"3 minutos"},"schema":{"@context":"https:\/\/schema.org","@graph":[{"@type":"Article","@id":"https:\/\/www.saopaulopeliculas.com.br\/blog\/2023\/05\/03\/por-que-as-peliculas-de-ceramica-sao-uma-boa-escolha-para-protecao-contra-raios-uv\/#article","isPartOf":{"@id":"https:\/\/www.saopaulopeliculas.com.br\/blog\/2023\/05\/03\/por-que-as-peliculas-de-ceramica-sao-uma-boa-escolha-para-protecao-contra-raios-uv\/"},"author":{"name":"Reda\u00e7\u00e3o Sense","@id":"https:\/\/www.saopaulopeliculas.com.br\/blog\/#\/schema\/person\/59d9d66bda007dcc92d5d09b9cccf410"},"headline":"Por que as pel\u00edculas de cer\u00e2mica s\u00e3o uma boa escolha para prote\u00e7\u00e3o contra raios UV?","datePublished":"2023-05-03T16:00:12+00:00","dateModified":"2023-05-04T18:06:30+00:00","mainEntityOfPage":{"@id":"https:\/\/www.saopaulopeliculas.com.br\/blog\/2023\/05\/03\/por-que-as-peliculas-de-ceramica-sao-uma-boa-escolha-para-protecao-contra-raios-uv\/"},"wordCount":663,"commentCount":0,"publisher":{"@id":"https:\/\/www.saopaulopeliculas.com.br\/blog\/#organization"},"image":{"@id":"https:\/\/www.saopaulopeliculas.com.br\/blog\/2023\/05\/03\/por-que-as-peliculas-de-ceramica-sao-uma-boa-escolha-para-protecao-contra-raios-uv\/#primaryimage"},"thumbnailUrl":"https:\/\/www.saopaulopeliculas.com.br\/blog\/wp-content\/uploads\/2023\/05\/Por-que-as-peliculas-de-ceramica-sao-uma-boa-escolha-para-protecao-contra-raios-UV.png","keywords":["boa","cer\u00e2mica","contra","escolha","pel\u00edculas","prote\u00e7\u00e3o","raios","UV"],"inLanguage":"pt-BR","potentialAction":[{"@type":"CommentAction","name":"Comment","target":["https:\/\/www.saopaulopeliculas.com.br\/blog\/2023\/05\/03\/por-que-as-peliculas-de-ceramica-sao-uma-boa-escolha-para-protecao-contra-raios-uv\/#respond"]}]},{"@type":"WebPage","@id":"https:\/\/www.saopaulopeliculas.com.br\/blog\/2023\/05\/03\/por-que-as-peliculas-de-ceramica-sao-uma-boa-escolha-para-protecao-contra-raios-uv\/","url":"https:\/\/www.saopaulopeliculas.com.br\/blog\/2023\/05\/03\/por-que-as-peliculas-de-ceramica-sao-uma-boa-escolha-para-protecao-contra-raios-uv\/","name":"Por que as pel\u00edculas de cer\u00e2mica s\u00e3o uma boa escolha para prote\u00e7\u00e3o contra raios UV? - S\u00e3o Paulo Peliculas","isPartOf":{"@id":"https:\/\/www.saopaulopeliculas.com.br\/blog\/#website"},"primaryImageOfPage":{"@id":"https:\/\/www.saopaulopeliculas.com.br\/blog\/2023\/05\/03\/por-que-as-peliculas-de-ceramica-sao-uma-boa-escolha-para-protecao-contra-raios-uv\/#primaryimage"},"image":{"@id":"https:\/\/www.saopaulopeliculas.com.br\/blog\/2023\/05\/03\/por-que-as-peliculas-de-ceramica-sao-uma-boa-escolha-para-protecao-contra-raios-uv\/#primaryimage"},"thumbnailUrl":"https:\/\/www.saopaulopeliculas.com.br\/blog\/wp-content\/uploads\/2023\/05\/Por-que-as-peliculas-de-ceramica-sao-uma-boa-escolha-para-protecao-contra-raios-UV.png","datePublished":"2023-05-03T16:00:12+00:00","dateModified":"2023-05-04T18:06:30+00:00","breadcrumb":{"@id":"https:\/\/www.saopaulopeliculas.com.br\/blog\/2023\/05\/03\/por-que-as-peliculas-de-ceramica-sao-uma-boa-escolha-para-protecao-contra-raios-uv\/#breadcrumb"},"inLanguage":"pt-BR","potentialAction":[{"@type":"ReadAction","target":["https:\/\/www.saopaulopeliculas.com.br\/blog\/2023\/05\/03\/por-que-as-peliculas-de-ceramica-sao-uma-boa-escolha-para-protecao-contra-raios-uv\/"]}]},{"@type":"ImageObject","inLanguage":"pt-BR","@id":"https:\/\/www.saopaulopeliculas.com.br\/blog\/2023\/05\/03\/por-que-as-peliculas-de-ceramica-sao-uma-boa-escolha-para-protecao-contra-raios-uv\/#primaryimage","url":"https:\/\/www.saopaulopeliculas.com.br\/blog\/wp-content\/uploads\/2023\/05\/Por-que-as-peliculas-de-ceramica-sao-uma-boa-escolha-para-protecao-contra-raios-UV.png","contentUrl":"https:\/\/www.saopaulopeliculas.com.br\/blog\/wp-content\/uploads\/2023\/05\/Por-que-as-peliculas-de-ceramica-sao-uma-boa-escolha-para-protecao-contra-raios-UV.png","width":920,"height":626,"caption":"Por que as pel\u00edculas de cer\u00e2mica s\u00e3o uma boa escolha para prote\u00e7\u00e3o contra raios UV"},{"@type":"BreadcrumbList","@id":"https:\/\/www.saopaulopeliculas.com.br\/blog\/2023\/05\/03\/por-que-as-peliculas-de-ceramica-sao-uma-boa-escolha-para-protecao-contra-raios-uv\/#breadcrumb","itemListElement":[{"@type":"ListItem","position":1,"name":"In\u00edcio","item":"https:\/\/www.saopaulopeliculas.com.br\/blog\/"},{"@type":"ListItem","position":2,"name":"Por que as pel\u00edculas de cer\u00e2mica s\u00e3o uma boa escolha para prote\u00e7\u00e3o contra raios UV?"}]},{"@type":"WebSite","@id":"https:\/\/www.saopaulopeliculas.com.br\/blog\/#website","url":"https:\/\/www.saopaulopeliculas.com.br\/blog\/","name":"S\u00e3o Paulo Peliculas","description":"S\u00f3 mais um site WordPress","publisher":{"@id":"https:\/\/www.saopaulopeliculas.com.br\/blog\/#organization"},"potentialAction":[{"@type":"SearchAction","target":{"@type":"EntryPoint","urlTemplate":"https:\/\/www.saopaulopeliculas.com.br\/blog\/?s={search_term_string}"},"query-input":{"@type":"PropertyValueSpecification","valueRequired":true,"valueName":"search_term_string"}}],"inLanguage":"pt-BR"},{"@type":"Organization","@id":"https:\/\/www.saopaulopeliculas.com.br\/blog\/#organization","name":"S\u00e3o Paulo Peliculas","url":"https:\/\/www.saopaulopeliculas.com.br\/blog\/","logo":{"@type":"ImageObject","inLanguage":"pt-BR","@id":"https:\/\/www.saopaulopeliculas.com.br\/blog\/#\/schema\/logo\/image\/","url":"https:\/\/www.saopaulopeliculas.com.br\/blog\/wp-content\/uploads\/2026\/02\/cropped-logo-color.png","contentUrl":"https:\/\/www.saopaulopeliculas.com.br\/blog\/wp-content\/uploads\/2026\/02\/cropped-logo-color.png","width":240,"height":223,"caption":"S\u00e3o Paulo Peliculas"},"image":{"@id":"https:\/\/www.saopaulopeliculas.com.br\/blog\/#\/schema\/logo\/image\/"}},{"@type":"Person","@id":"https:\/\/www.saopaulopeliculas.com.br\/blog\/#\/schema\/person\/59d9d66bda007dcc92d5d09b9cccf410","name":"Reda\u00e7\u00e3o Sense","image":{"@type":"ImageObject","inLanguage":"pt-BR","@id":"https:\/\/www.saopaulopeliculas.com.br\/blog\/#\/schema\/person\/image\/","url":"https:\/\/secure.gravatar.com\/avatar\/dc9fe7152e5f3cfbf103693153c2d28ad4ab1de63d92f14252b0856dae70693a?s=96&d=mm&r=g","contentUrl":"https:\/\/secure.gravatar.com\/avatar\/dc9fe7152e5f3cfbf103693153c2d28ad4ab1de63d92f14252b0856dae70693a?s=96&d=mm&r=g","caption":"Reda\u00e7\u00e3o Sense"},"sameAs":["https:\/\/www.agenciasense.com.br\/"],"url":"https:\/\/www.saopaulopeliculas.com.br\/blog\/author\/redacao\/"}]}},"_links":{"self":[{"href":"https:\/\/www.saopaulopeliculas.com.br\/blog\/wp-json\/wp\/v2\/posts\/73","targetHints":{"allow":["GET"]}}],"collection":[{"href":"https:\/\/www.saopaulopeliculas.com.br\/blog\/wp-json\/wp\/v2\/posts"}],"about":[{"href":"https:\/\/www.saopaulopeliculas.com.br\/blog\/wp-json\/wp\/v2\/types\/post"}],"author":[{"embeddable":true,"href":"https:\/\/www.saopaulopeliculas.com.br\/blog\/wp-json\/wp\/v2\/users\/2"}],"replies":[{"embeddable":true,"href":"https:\/\/www.saopaulopeliculas.com.br\/blog\/wp-json\/wp\/v2\/comments?post=73"}],"version-history":[{"count":1,"href":"https:\/\/www.saopaulopeliculas.com.br\/blog\/wp-json\/wp\/v2\/posts\/73\/revisions"}],"predecessor-version":[{"id":75,"href":"https:\/\/www.saopaulopeliculas.com.br\/blog\/wp-json\/wp\/v2\/posts\/73\/revisions\/75"}],"wp:featuredmedia":[{"embeddable":true,"href":"https:\/\/www.saopaulopeliculas.com.br\/blog\/wp-json\/wp\/v2\/media\/74"}],"wp:attachment":[{"href":"https:\/\/www.saopaulopeliculas.com.br\/blog\/wp-json\/wp\/v2\/media?parent=73"}],"wp:term":[{"taxonomy":"category","embeddable":true,"href":"https:\/\/www.saopaulopeliculas.com.br\/blog\/wp-json\/wp\/v2\/categories?post=73"},{"taxonomy":"post_tag","embeddable":true,"href":"https:\/\/www.saopaulopeliculas.com.br\/blog\/wp-json\/wp\/v2\/tags?post=73"}],"curies":[{"name":"wp","href":"https:\/\/api.w.org\/{rel}","templated":true}]}}